{"id":12,"date":"2023-03-30T17:53:54","date_gmt":"2023-03-30T17:53:54","guid":{"rendered":"http:\/\/www.foroiberoamericanodeciudades.com\/blog\/?p=12"},"modified":"2023-04-01T15:14:38","modified_gmt":"2023-04-01T15:14:38","slug":"presentacion-del-foro-iberoamericano-de-ciudades-2023-queretaro","status":"publish","type":"post","link":"http:\/\/www.foroiberoamericanodeciudades.com\/blog\/2023\/03\/30\/presentacion-del-foro-iberoamericano-de-ciudades-2023-queretaro\/","title":{"rendered":"Presentaci\u00f3n del Foro Iberoamericano de Ciudades 2023. Quer\u00e9taro"},"content":{"rendered":"\n<p>Como cada a\u00f1o se presentar\u00e1 el Foro Iberoamericano de Ciudades, Quer\u00e9taro 2023, el 6 de marzo de 2023 en la Ciudad de Santiago de Quer\u00e9taro.<\/p>\n\n\n\n<p>Evento que fu\u00e9 presidido por el Presidente Municipal de Quer\u00e9taro, Lic. Luis Bernardo Nava Guerrero, contando con la presencia de 15 Presidentes Municipales del Estado<\/p>\n\n\n\n<p>En esta ocasi\u00f3n contamos con la presencia de figuras del sector p\u00fablico del municipio y estado, del sector empresarial, academia y a la sociedad civil.<\/p>\n\n\n\n<p>No te puedes perder el III Foro Iberoamericano de Ciudades, que tendr\u00e1 lugar en Quer\u00e9taro, Qro. del 28 al 30 de Junio de 2023, en donde se pondr\u00e1n temas de gran importancia sobre la mesa, de la mano y experiencia de figuras importantes en los sectores p\u00fablicos y privados, nacionales e internacionales, teniendo como ejes centrales el Cambio Clim\u00e1tico y la Inclusi\u00f3n Social para las y los habitantes de las ciudades, abordando temas como: Desarrollo Urbano, Movilidad, Energ\u00eda, Servicios P\u00fablicos, Manejo de Residuos, Agua, Vivienda, etc., para mejorar el funcionamiento, optimizaci\u00f3n y funcionamiento de las ciudades generando igualdad para todas y todos.<\/p>\n","protected":false},"excerpt":{"rendered":"<p>Como cada a\u00f1o se presentar\u00e1 el Foro Iberoamericano de Ciudades, Quer\u00e9taro 2023, el 6 de marzo de 2023 en la Ciudad de Santiago de Quer\u00e9taro. Evento que fu\u00e9 presidido por el Presidente Municipal de Quer\u00e9taro, Lic. Luis Bernardo Nava Guerrero, contando con la presencia de 15 Presidentes Municipales del Estado En esta ocasi\u00f3n contamos con [&hellip;]<\/p>\n","protected":false},"author":1,"featured_media":7,"comment_status":"closed","ping_status":"closed","sticky":false,"template":"","format":"standard","meta":{"footnotes":""},"categories":[3],"tags":[],"class_list":["post-12","post","type-post","status-publish","format-standard","has-post-thumbnail","hentry","category-prensa"],"_links":{"self":[{"href":"http:\/\/www.foroiberoamericanodeciudades.com\/blog\/wp-json\/wp\/v2\/posts\/12","targetHints":{"allow":["GET"]}}],"collection":[{"href":"http:\/\/www.foroiberoamericanodeciudades.com\/blog\/wp-json\/wp\/v2\/posts"}],"about":[{"href":"http:\/\/www.foroiberoamericanodeciudades.com\/blog\/wp-json\/wp\/v2\/types\/post"}],"author":[{"embeddable":true,"href":"http:\/\/www.foroiberoamericanodeciudades.com\/blog\/wp-json\/wp\/v2\/users\/1"}],"replies":[{"embeddable":true,"href":"http:\/\/www.foroiberoamericanodeciudades.com\/blog\/wp-json\/wp\/v2\/comments?post=12"}],"version-history":[{"count":1,"href":"http:\/\/www.foroiberoamericanodeciudades.com\/blog\/wp-json\/wp\/v2\/posts\/12\/revisions"}],"predecessor-version":[{"id":13,"href":"http:\/\/www.foroiberoamericanodeciudades.com\/blog\/wp-json\/wp\/v2\/posts\/12\/revisions\/13"}],"wp:featuredmedia":[{"embeddable":true,"href":"http:\/\/www.foroiberoamericanodeciudades.com\/blog\/wp-json\/wp\/v2\/media\/7"}],"wp:attachment":[{"href":"http:\/\/www.foroiberoamericanodeciudades.com\/blog\/wp-json\/wp\/v2\/media?parent=12"}],"wp:term":[{"taxonomy":"category","embeddable":true,"href":"http:\/\/www.foroiberoamericanodeciudades.com\/blog\/wp-json\/wp\/v2\/categories?post=12"},{"taxonomy":"post_tag","embeddable":true,"href":"http:\/\/www.foroiberoamericanodeciudades.com\/blog\/wp-json\/wp\/v2\/tags?post=12"}],"curies":[{"name":"wp","href":"https:\/\/api.w.org\/{rel}","templated":true}]}}