{"id":14,"date":"2023-03-30T17:56:01","date_gmt":"2023-03-30T17:56:01","guid":{"rendered":"http:\/\/www.foroiberoamericanodeciudades.com\/blog\/?p=14"},"modified":"2023-04-01T15:14:59","modified_gmt":"2023-04-01T15:14:59","slug":"representantes-del-gobierno-de-queretaro-autoridades-estatales-y-municipales-participan-en-el-foro-iberoamericano-de-ciudades","status":"publish","type":"post","link":"http:\/\/www.foroiberoamericanodeciudades.com\/blog\/2023\/03\/30\/representantes-del-gobierno-de-queretaro-autoridades-estatales-y-municipales-participan-en-el-foro-iberoamericano-de-ciudades\/","title":{"rendered":"Representantes del Gobierno de Quer\u00e9taro, autoridades Estatales y Municipales participan en el Foro Iberoamericano de Ciudades."},"content":{"rendered":"\n<p>En el evento realizado en Madrid el 19 de enero de este a\u00f1o, en el que se realiz\u00f3 el lanzamiento oficial del III Foro Iberoamericano de Ciudades que se realizar\u00e1 en Quer\u00e9taro, Qro. los d\u00edas 28, 29 y 30 de Junio de 2023.<\/p>\n\n\n\n<p>Al evento asistieron autoridades Estatales y Municipales de Quer\u00e9taro, entre ellos, se cont\u00f3 con la presencia del Arq. Fernando Gonz\u00e1lez Salinas, Secretario de Planificaci\u00f3n Urbana y Obras P\u00fablicas del Estado de Quer\u00e9taro en representaci\u00f3n del Gobernador del estado Mauricio Kuri, quien destac\u00f3 el desarrollo del Estado en los \u00faltimos a\u00f1os, se\u00f1alando c\u00f3mo Quer\u00e9taro se convirti\u00f3 en la locomotora econ\u00f3mica de M\u00e9xico.<\/p>\n\n\n\n<p>Asistieron tambi\u00e9n de parte del Municipio la Lic. Tania Kuri Palacios Secretaria de Desarrollo Sostenible, como representante del Presidente Municipal y la Lic. Alejandra Iturbe Rosas, Secretaria de Turismo, quien entreg\u00f3 una escultura al Colegio de Arquitectos de Madrid de parte del Gobierno Municipal de Quer\u00e9taro.<\/p>\n\n\n\n<p>Tambi\u00e9n nos acompa\u00f1\u00f3 el Arq. Aldo Alfaro Lara, Presidente del Colegio de Arquitectos, destac\u00f3 que los Arquitectos de Quer\u00e9taro jugar\u00e1n un papel&nbsp; fundamental en este foro junto con los del resto de Iberoam\u00e9rica.<\/p>\n\n\n\n<p>Otros invitados mexicanos al evento fueron, el exsecretario de la CONCANACO, el Lic. Guillermo Romero Rodr\u00edguez hizo menci\u00f3n de las empresas mexicanas en el desarrollo de las ciudades y&nbsp; el vicepresidente Nacional de COPARMEX, Lic. Jos\u00e9 Antonio Loret de Mola, habl\u00f3 del intercambio de conocimiento y talento de las empresas mexicanas espa\u00f1olas e iberoamericanas para la construcci\u00f3n de las mejores infraestructuras para las ciudades.<\/p>\n","protected":false},"excerpt":{"rendered":"<p>En el evento realizado en Madrid el 19 de enero de este a\u00f1o, en el que se realiz\u00f3 el lanzamiento oficial del III Foro Iberoamericano de Ciudades que se realizar\u00e1 en Quer\u00e9taro, Qro. los d\u00edas 28, 29 y 30 de Junio de 2023. Al evento asistieron autoridades Estatales y Municipales de Quer\u00e9taro, entre ellos, se [&hellip;]<\/p>\n","protected":false},"author":1,"featured_media":8,"comment_status":"closed","ping_status":"closed","sticky":false,"template":"","format":"standard","meta":{"footnotes":""},"categories":[2],"tags":[],"class_list":["post-14","post","type-post","status-publish","format-standard","has-post-thumbnail","hentry","category-noticias"],"_links":{"self":[{"href":"http:\/\/www.foroiberoamericanodeciudades.com\/blog\/wp-json\/wp\/v2\/posts\/14","targetHints":{"allow":["GET"]}}],"collection":[{"href":"http:\/\/www.foroiberoamericanodeciudades.com\/blog\/wp-json\/wp\/v2\/posts"}],"about":[{"href":"http:\/\/www.foroiberoamericanodeciudades.com\/blog\/wp-json\/wp\/v2\/types\/post"}],"author":[{"embeddable":true,"href":"http:\/\/www.foroiberoamericanodeciudades.com\/blog\/wp-json\/wp\/v2\/users\/1"}],"replies":[{"embeddable":true,"href":"http:\/\/www.foroiberoamericanodeciudades.com\/blog\/wp-json\/wp\/v2\/comments?post=14"}],"version-history":[{"count":2,"href":"http:\/\/www.foroiberoamericanodeciudades.com\/blog\/wp-json\/wp\/v2\/posts\/14\/revisions"}],"predecessor-version":[{"id":26,"href":"http:\/\/www.foroiberoamericanodeciudades.com\/blog\/wp-json\/wp\/v2\/posts\/14\/revisions\/26"}],"wp:featuredmedia":[{"embeddable":true,"href":"http:\/\/www.foroiberoamericanodeciudades.com\/blog\/wp-json\/wp\/v2\/media\/8"}],"wp:attachment":[{"href":"http:\/\/www.foroiberoamericanodeciudades.com\/blog\/wp-json\/wp\/v2\/media?parent=14"}],"wp:term":[{"taxonomy":"category","embeddable":true,"href":"http:\/\/www.foroiberoamericanodeciudades.com\/blog\/wp-json\/wp\/v2\/categories?post=14"},{"taxonomy":"post_tag","embeddable":true,"href":"http:\/\/www.foroiberoamericanodeciudades.com\/blog\/wp-json\/wp\/v2\/tags?post=14"}],"curies":[{"name":"wp","href":"https:\/\/api.w.org\/{rel}","templated":true}]}}