{"id":6,"date":"2023-03-30T17:49:14","date_gmt":"2023-03-30T17:49:14","guid":{"rendered":"http:\/\/www.foroiberoamericanodeciudades.com\/blog\/?p=6"},"modified":"2023-04-01T15:16:16","modified_gmt":"2023-04-01T15:16:16","slug":"lanzamiento-del-foro-iberoamericano-de-ciudades-madrid","status":"publish","type":"post","link":"http:\/\/www.foroiberoamericanodeciudades.com\/blog\/2023\/03\/30\/lanzamiento-del-foro-iberoamericano-de-ciudades-madrid\/","title":{"rendered":"Lanzamiento del Foro Iberoamericano de Ciudades, Madrid"},"content":{"rendered":"\n<p>Este 19 de enero de 2023 se llev\u00f3 a cabo el lanzamiento del III Foro Iberoamericano de Ciudades, que se llevar\u00e1 a cabo en Quer\u00e9taro del 28 al 30 de Junio de 2023, este lanzamiento sucedi\u00f3 en el Colegio Oficial de Arquitectos de Madrid.<\/p>\n\n\n\n<p>En donde se reunieron m\u00e1s de 300 personas de diferentes \u00e1mbitos, combinando puntos de vista pol\u00edticos, empresariales, profesionales y sociales de Espa\u00f1a y M\u00e9xico.<\/p>\n\n\n\n<p>En este foro se puso en relieve el liderazgo que el Estado y la Ciudad de Quer\u00e9taro alcanzan en los modelos de desarrollo de las ciudades, con el objetivo de hacer \u00e9stas m\u00e1s habitables y competitivas para las ciudadanas y los ciudadanos.<\/p>\n\n\n\n<p>Entre los expositores, contamos con la presencia del Sr. D. Sigfrido Herr\u00e1ez, Decano del Colegio de Arquitectos de Madrid, quien nos comparti\u00f3 la importancia de repensar y crear ciudades m\u00e1s saludables y sostenibles en el post-covid. Hizo especial hincapi\u00e9 en trabajar en equipo con arquitectos y urbanistas de Espa\u00f1a, M\u00e9xico y Quer\u00e9taro, y comenz\u00f3 comprometiendo a los arquitectos y urbanistas de Espa\u00f1a en el contenido y desarrollo del Foro.<\/p>\n\n\n\n<p>Tambi\u00e9n nos acompa\u00f1aron el Sr. D. Pedro Fern\u00e1ndez Al\u00e9n, presidente de la confederaci\u00f3n Nacional de la Construcci\u00f3n de Espa\u00f1a. Quien puso al servicio de las ciudades iberoamericanas las capacidades de las empresas espa\u00f1olas de construcci\u00f3n e infraestructura.<\/p>\n\n\n\n<p>Este es el objetivo del Foro Iberoamericano de Ciudades, crear enlaces y canales bajo distintos temas de conversaci\u00f3n que beneficien a las ciudades y a sus habitantes.<\/p>\n","protected":false},"excerpt":{"rendered":"<p>Este 19 de enero de 2023 se llev\u00f3 a cabo el lanzamiento del III Foro Iberoamericano de Ciudades, que se llevar\u00e1 a cabo en Quer\u00e9taro del 28 al 30 de Junio de 2023, este lanzamiento sucedi\u00f3 en el Colegio Oficial de Arquitectos de Madrid. En donde se reunieron m\u00e1s de 300 personas de diferentes \u00e1mbitos, [&hellip;]<\/p>\n","protected":false},"author":1,"featured_media":9,"comment_status":"closed","ping_status":"closed","sticky":false,"template":"","format":"standard","meta":{"footnotes":""},"categories":[2,3],"tags":[],"class_list":["post-6","post","type-post","status-publish","format-standard","has-post-thumbnail","hentry","category-noticias","category-prensa"],"_links":{"self":[{"href":"http:\/\/www.foroiberoamericanodeciudades.com\/blog\/wp-json\/wp\/v2\/posts\/6","targetHints":{"allow":["GET"]}}],"collection":[{"href":"http:\/\/www.foroiberoamericanodeciudades.com\/blog\/wp-json\/wp\/v2\/posts"}],"about":[{"href":"http:\/\/www.foroiberoamericanodeciudades.com\/blog\/wp-json\/wp\/v2\/types\/post"}],"author":[{"embeddable":true,"href":"http:\/\/www.foroiberoamericanodeciudades.com\/blog\/wp-json\/wp\/v2\/users\/1"}],"replies":[{"embeddable":true,"href":"http:\/\/www.foroiberoamericanodeciudades.com\/blog\/wp-json\/wp\/v2\/comments?post=6"}],"version-history":[{"count":1,"href":"http:\/\/www.foroiberoamericanodeciudades.com\/blog\/wp-json\/wp\/v2\/posts\/6\/revisions"}],"predecessor-version":[{"id":10,"href":"http:\/\/www.foroiberoamericanodeciudades.com\/blog\/wp-json\/wp\/v2\/posts\/6\/revisions\/10"}],"wp:featuredmedia":[{"embeddable":true,"href":"http:\/\/www.foroiberoamericanodeciudades.com\/blog\/wp-json\/wp\/v2\/media\/9"}],"wp:attachment":[{"href":"http:\/\/www.foroiberoamericanodeciudades.com\/blog\/wp-json\/wp\/v2\/media?parent=6"}],"wp:term":[{"taxonomy":"category","embeddable":true,"href":"http:\/\/www.foroiberoamericanodeciudades.com\/blog\/wp-json\/wp\/v2\/categories?post=6"},{"taxonomy":"post_tag","embeddable":true,"href":"http:\/\/www.foroiberoamericanodeciudades.com\/blog\/wp-json\/wp\/v2\/tags?post=6"}],"curies":[{"name":"wp","href":"https:\/\/api.w.org\/{rel}","templated":true}]}}